{"id":19957,"date":"2020-10-14T10:20:13","date_gmt":"2020-10-14T08:20:13","guid":{"rendered":"https:\/\/territoriolab.org\/?p=19957"},"modified":"2020-10-14T10:20:13","modified_gmt":"2020-10-14T08:20:13","slug":"nola-eragin-du-indarkeriak-caquetako-demokrazian","status":"publish","type":"post","link":"https:\/\/territoriolab.org\/eu\/nola-eragin-du-indarkeriak-caquetako-demokrazian\/","title":{"rendered":"NOLA ERAGIN DU INDARKERIAK CAQUET\u00c1KO DEMOKRAZIAN?"},"content":{"rendered":"<p>Caquet\u00e1n, alderdi eta mugimendu politiko guztiek pairatu dute, nola edo hala, beren bizitza familiar eta kolektiboan sartu zen indarkeria politikoa. Espazio honen helburua Egiaren Batzordeak askotarikoen entzute zabala egitea da, aktore politikoen testigantzak jasotzeko eta gatazka armatuaren esparruan alderdi politikoen barruan bizi izandakoari buruzko kontakizun ulerkorra eraikitzen laguntzeko. Era berean, alderdi politikoen bidez demokrazian izandako eraginei buruzko lurralde-ikuspegidun argipen eta aitortzarantz aurrera egitea, eta Caquet\u00e1n modu kolektiboan jardun politikoan eragin zuten indarkeria politikoko gertaerak ikusaraztu nahi da. Panel hau Egiaren Batzordeak antolatzen du Europar Batasunaren eta \u201cForos Semana\u201d laguntzarekin. Elkarrizketa digital honi eta beste batzuei buruzko informazio gehiago nahi izanez gero, <a href=\"https:\/\/www. ForosSemana.com\">sakatu hemen<\/a>.<\/p>\n","protected":false},"excerpt":{"rendered":"<p>Caquet\u00e1n, alderdi eta mugimendu politiko guztiek pairatu dute, nola edo hala, beren bizitza familiar eta kolektiboan sartu zen indarkeria politikoa. Espazio honen helburua Egiaren Batzordeak askotarikoen entzute zabala egitea da, aktore politikoen testigantzak jasotzeko eta gatazka armatuaren esparruan alderdi politikoen barruan bizi izandakoari buruzko kontakizun ulerkorra eraikitzen laguntzeko. Era berean, alderdi politikoen bidez demokrazian izandako&#8230;<\/p>\n","protected":false},"author":3,"featured_media":19954,"comment_status":"closed","ping_status":"closed","sticky":false,"template":"","format":"standard","meta":{"_acf_changed":false,"footnotes":""},"categories":[165],"tags":[],"class_list":["post-19957","post","type-post","status-publish","format-standard","has-post-thumbnail","hentry","category-kolonbia"],"acf":[],"yoast_head":"<!-- This site is optimized with the Yoast SEO plugin v27.4 - https:\/\/yoast.com\/product\/yoast-seo-wordpress\/ -->\n<title>Qu\u00e9 es el proyecto Territorios en Conflicto<\/title>\n<meta name=\"description\" content=\"Promueve un proceso de investigaci\u00f3n, formaci\u00f3n y acci\u00f3n sobre el impacto que el modelo neoliberal y patriarcal - las empresas transnacionales - tienen en Urdaibai, Cajamarca y Cabo Delgado.\" \/>\n<meta name=\"robots\" content=\"index, follow, max-snippet:-1, max-image-preview:large, max-video-preview:-1\" \/>\n<link rel=\"canonical\" href=\"https:\/\/territoriolab.org\/eu\/nola-eragin-du-indarkeriak-caquetako-demokrazian\/\" \/>\n<meta property=\"og:locale\" content=\"en_US\" \/>\n<meta property=\"og:type\" content=\"article\" \/>\n<meta property=\"og:title\" content=\"Qu\u00e9 es el proyecto Territorios en Conflicto\" \/>\n<meta property=\"og:description\" content=\"Promueve un proceso de investigaci\u00f3n, formaci\u00f3n y acci\u00f3n sobre el impacto que el modelo neoliberal y patriarcal - las empresas transnacionales - tienen en Urdaibai, Cajamarca y Cabo Delgado.\" \/>\n<meta property=\"og:url\" content=\"https:\/\/territoriolab.org\/eu\/nola-eragin-du-indarkeriak-caquetako-demokrazian\/\" \/>\n<meta property=\"og:site_name\" content=\"Territorios para la vida\" \/>\n<meta property=\"article:published_time\" content=\"2020-10-14T08:20:13+00:00\" \/>\n<meta property=\"og:image\" content=\"https:\/\/territoriolab.org\/wp-content\/uploads\/2020\/10\/espacios-de-escucha-caqueta\u0301.jpg\" \/>\n\t<meta property=\"og:image:width\" content=\"1124\" \/>\n\t<meta property=\"og:image:height\" content=\"618\" \/>\n\t<meta property=\"og:image:type\" content=\"image\/jpeg\" \/>\n<meta name=\"author\" content=\"Territorios en Conflicto\" \/>\n<meta name=\"twitter:card\" content=\"summary_large_image\" \/>\n<meta name=\"twitter:label1\" content=\"Written by\" \/>\n\t<meta name=\"twitter:data1\" content=\"Territorios en Conflicto\" \/>\n\t<meta name=\"twitter:label2\" content=\"Est. reading time\" \/>\n\t<meta name=\"twitter:data2\" content=\"1 minutua\" \/>\n<script type=\"application\/ld+json\" class=\"yoast-schema-graph\">{\"@context\":\"https:\\\/\\\/schema.org\",\"@graph\":[{\"@type\":\"Article\",\"@id\":\"https:\\\/\\\/territoriolab.org\\\/eu\\\/nola-eragin-du-indarkeriak-caquetako-demokrazian\\\/#article\",\"isPartOf\":{\"@id\":\"https:\\\/\\\/territoriolab.org\\\/eu\\\/nola-eragin-du-indarkeriak-caquetako-demokrazian\\\/\"},\"author\":{\"name\":\"Territorios en Conflicto\",\"@id\":\"https:\\\/\\\/territoriolab.org\\\/eu\\\/pt-pt\\\/#\\\/schema\\\/person\\\/d1ff7e0bcf580681fa15b76eba76111d\"},\"headline\":\"NOLA ERAGIN DU INDARKERIAK CAQUET\u00c1KO DEMOKRAZIAN?\",\"datePublished\":\"2020-10-14T08:20:13+00:00\",\"mainEntityOfPage\":{\"@id\":\"https:\\\/\\\/territoriolab.org\\\/eu\\\/nola-eragin-du-indarkeriak-caquetako-demokrazian\\\/\"},\"wordCount\":112,\"publisher\":{\"@id\":\"https:\\\/\\\/territoriolab.org\\\/eu\\\/pt-pt\\\/#organization\"},\"image\":{\"@id\":\"https:\\\/\\\/territoriolab.org\\\/eu\\\/nola-eragin-du-indarkeriak-caquetako-demokrazian\\\/#primaryimage\"},\"thumbnailUrl\":\"https:\\\/\\\/territoriolab.org\\\/wp-content\\\/uploads\\\/2020\\\/10\\\/espacios-de-escucha-caqueta\u0301.jpg\",\"articleSection\":[\"Kolonbia\"],\"inLanguage\":\"eu\"},{\"@type\":\"WebPage\",\"@id\":\"https:\\\/\\\/territoriolab.org\\\/eu\\\/nola-eragin-du-indarkeriak-caquetako-demokrazian\\\/\",\"url\":\"https:\\\/\\\/territoriolab.org\\\/eu\\\/nola-eragin-du-indarkeriak-caquetako-demokrazian\\\/\",\"name\":\"Qu\u00e9 es el proyecto Territorios en Conflicto\",\"isPartOf\":{\"@id\":\"https:\\\/\\\/territoriolab.org\\\/eu\\\/pt-pt\\\/#website\"},\"primaryImageOfPage\":{\"@id\":\"https:\\\/\\\/territoriolab.org\\\/eu\\\/nola-eragin-du-indarkeriak-caquetako-demokrazian\\\/#primaryimage\"},\"image\":{\"@id\":\"https:\\\/\\\/territoriolab.org\\\/eu\\\/nola-eragin-du-indarkeriak-caquetako-demokrazian\\\/#primaryimage\"},\"thumbnailUrl\":\"https:\\\/\\\/territoriolab.org\\\/wp-content\\\/uploads\\\/2020\\\/10\\\/espacios-de-escucha-caqueta\u0301.jpg\",\"datePublished\":\"2020-10-14T08:20:13+00:00\",\"description\":\"Promueve un proceso de investigaci\u00f3n, formaci\u00f3n y acci\u00f3n sobre el impacto que el modelo neoliberal y patriarcal - las empresas transnacionales - tienen en Urdaibai, Cajamarca y Cabo Delgado.\",\"breadcrumb\":{\"@id\":\"https:\\\/\\\/territoriolab.org\\\/eu\\\/nola-eragin-du-indarkeriak-caquetako-demokrazian\\\/#breadcrumb\"},\"inLanguage\":\"eu\",\"potentialAction\":[{\"@type\":\"ReadAction\",\"target\":[\"https:\\\/\\\/territoriolab.org\\\/eu\\\/nola-eragin-du-indarkeriak-caquetako-demokrazian\\\/\"]}]},{\"@type\":\"ImageObject\",\"inLanguage\":\"eu\",\"@id\":\"https:\\\/\\\/territoriolab.org\\\/eu\\\/nola-eragin-du-indarkeriak-caquetako-demokrazian\\\/#primaryimage\",\"url\":\"https:\\\/\\\/territoriolab.org\\\/wp-content\\\/uploads\\\/2020\\\/10\\\/espacios-de-escucha-caqueta\u0301.jpg\",\"contentUrl\":\"https:\\\/\\\/territoriolab.org\\\/wp-content\\\/uploads\\\/2020\\\/10\\\/espacios-de-escucha-caqueta\u0301.jpg\",\"width\":1124,\"height\":618,\"caption\":\"Espacios de Escucha Comisi\u00f3n de la Verdad Colombia\"},{\"@type\":\"BreadcrumbList\",\"@id\":\"https:\\\/\\\/territoriolab.org\\\/eu\\\/nola-eragin-du-indarkeriak-caquetako-demokrazian\\\/#breadcrumb\",\"itemListElement\":[{\"@type\":\"ListItem\",\"position\":1,\"name\":\"Portada\",\"item\":\"https:\\\/\\\/territoriolab.org\\\/eu\\\/\"},{\"@type\":\"ListItem\",\"position\":2,\"name\":\"NOLA ERAGIN DU INDARKERIAK CAQUET\u00c1KO DEMOKRAZIAN?\"}]},{\"@type\":\"WebSite\",\"@id\":\"https:\\\/\\\/territoriolab.org\\\/eu\\\/pt-pt\\\/#website\",\"url\":\"https:\\\/\\\/territoriolab.org\\\/eu\\\/pt-pt\\\/\",\"name\":\"Territorios para la vida\",\"description\":\"Investigaci\u00f3n y formaci\u00f3n de alternativas de vida\",\"publisher\":{\"@id\":\"https:\\\/\\\/territoriolab.org\\\/eu\\\/pt-pt\\\/#organization\"},\"potentialAction\":[{\"@type\":\"SearchAction\",\"target\":{\"@type\":\"EntryPoint\",\"urlTemplate\":\"https:\\\/\\\/territoriolab.org\\\/eu\\\/pt-pt\\\/?s={search_term_string}\"},\"query-input\":{\"@type\":\"PropertyValueSpecification\",\"valueRequired\":true,\"valueName\":\"search_term_string\"}}],\"inLanguage\":\"eu\"},{\"@type\":\"Organization\",\"@id\":\"https:\\\/\\\/territoriolab.org\\\/eu\\\/pt-pt\\\/#organization\",\"name\":\"Territorios en Conflicto\",\"url\":\"https:\\\/\\\/territoriolab.org\\\/eu\\\/pt-pt\\\/\",\"logo\":{\"@type\":\"ImageObject\",\"inLanguage\":\"eu\",\"@id\":\"https:\\\/\\\/territoriolab.org\\\/eu\\\/pt-pt\\\/#\\\/schema\\\/logo\\\/image\\\/\",\"url\":\"https:\\\/\\\/territoriolab.org\\\/wp-content\\\/uploads\\\/2019\\\/10\\\/logo.png\",\"contentUrl\":\"https:\\\/\\\/territoriolab.org\\\/wp-content\\\/uploads\\\/2019\\\/10\\\/logo.png\",\"width\":300,\"height\":82,\"caption\":\"Territorios en Conflicto\"},\"image\":{\"@id\":\"https:\\\/\\\/territoriolab.org\\\/eu\\\/pt-pt\\\/#\\\/schema\\\/logo\\\/image\\\/\"}},{\"@type\":\"Person\",\"@id\":\"https:\\\/\\\/territoriolab.org\\\/eu\\\/pt-pt\\\/#\\\/schema\\\/person\\\/d1ff7e0bcf580681fa15b76eba76111d\",\"name\":\"Territorios en Conflicto\"}]}<\/script>\n<!-- \/ Yoast SEO plugin. -->","yoast_head_json":{"title":"Qu\u00e9 es el proyecto Territorios en Conflicto","description":"Promueve un proceso de investigaci\u00f3n, formaci\u00f3n y acci\u00f3n sobre el impacto que el modelo neoliberal y patriarcal - las empresas transnacionales - tienen en Urdaibai, Cajamarca y Cabo Delgado.","robots":{"index":"index","follow":"follow","max-snippet":"max-snippet:-1","max-image-preview":"max-image-preview:large","max-video-preview":"max-video-preview:-1"},"canonical":"https:\/\/territoriolab.org\/eu\/nola-eragin-du-indarkeriak-caquetako-demokrazian\/","og_locale":"en_US","og_type":"article","og_title":"Qu\u00e9 es el proyecto Territorios en Conflicto","og_description":"Promueve un proceso de investigaci\u00f3n, formaci\u00f3n y acci\u00f3n sobre el impacto que el modelo neoliberal y patriarcal - las empresas transnacionales - tienen en Urdaibai, Cajamarca y Cabo Delgado.","og_url":"https:\/\/territoriolab.org\/eu\/nola-eragin-du-indarkeriak-caquetako-demokrazian\/","og_site_name":"Territorios para la vida","article_published_time":"2020-10-14T08:20:13+00:00","og_image":[{"width":1124,"height":618,"url":"https:\/\/territoriolab.org\/wp-content\/uploads\/2020\/10\/espacios-de-escucha-caqueta\u0301.jpg","type":"image\/jpeg"}],"author":"Territorios en Conflicto","twitter_card":"summary_large_image","twitter_misc":{"Written by":"Territorios en Conflicto","Est. reading time":"1 minutua"},"schema":{"@context":"https:\/\/schema.org","@graph":[{"@type":"Article","@id":"https:\/\/territoriolab.org\/eu\/nola-eragin-du-indarkeriak-caquetako-demokrazian\/#article","isPartOf":{"@id":"https:\/\/territoriolab.org\/eu\/nola-eragin-du-indarkeriak-caquetako-demokrazian\/"},"author":{"name":"Territorios en Conflicto","@id":"https:\/\/territoriolab.org\/eu\/pt-pt\/#\/schema\/person\/d1ff7e0bcf580681fa15b76eba76111d"},"headline":"NOLA ERAGIN DU INDARKERIAK CAQUET\u00c1KO DEMOKRAZIAN?","datePublished":"2020-10-14T08:20:13+00:00","mainEntityOfPage":{"@id":"https:\/\/territoriolab.org\/eu\/nola-eragin-du-indarkeriak-caquetako-demokrazian\/"},"wordCount":112,"publisher":{"@id":"https:\/\/territoriolab.org\/eu\/pt-pt\/#organization"},"image":{"@id":"https:\/\/territoriolab.org\/eu\/nola-eragin-du-indarkeriak-caquetako-demokrazian\/#primaryimage"},"thumbnailUrl":"https:\/\/territoriolab.org\/wp-content\/uploads\/2020\/10\/espacios-de-escucha-caqueta\u0301.jpg","articleSection":["Kolonbia"],"inLanguage":"eu"},{"@type":"WebPage","@id":"https:\/\/territoriolab.org\/eu\/nola-eragin-du-indarkeriak-caquetako-demokrazian\/","url":"https:\/\/territoriolab.org\/eu\/nola-eragin-du-indarkeriak-caquetako-demokrazian\/","name":"Qu\u00e9 es el proyecto Territorios en Conflicto","isPartOf":{"@id":"https:\/\/territoriolab.org\/eu\/pt-pt\/#website"},"primaryImageOfPage":{"@id":"https:\/\/territoriolab.org\/eu\/nola-eragin-du-indarkeriak-caquetako-demokrazian\/#primaryimage"},"image":{"@id":"https:\/\/territoriolab.org\/eu\/nola-eragin-du-indarkeriak-caquetako-demokrazian\/#primaryimage"},"thumbnailUrl":"https:\/\/territoriolab.org\/wp-content\/uploads\/2020\/10\/espacios-de-escucha-caqueta\u0301.jpg","datePublished":"2020-10-14T08:20:13+00:00","description":"Promueve un proceso de investigaci\u00f3n, formaci\u00f3n y acci\u00f3n sobre el impacto que el modelo neoliberal y patriarcal - las empresas transnacionales - tienen en Urdaibai, Cajamarca y Cabo Delgado.","breadcrumb":{"@id":"https:\/\/territoriolab.org\/eu\/nola-eragin-du-indarkeriak-caquetako-demokrazian\/#breadcrumb"},"inLanguage":"eu","potentialAction":[{"@type":"ReadAction","target":["https:\/\/territoriolab.org\/eu\/nola-eragin-du-indarkeriak-caquetako-demokrazian\/"]}]},{"@type":"ImageObject","inLanguage":"eu","@id":"https:\/\/territoriolab.org\/eu\/nola-eragin-du-indarkeriak-caquetako-demokrazian\/#primaryimage","url":"https:\/\/territoriolab.org\/wp-content\/uploads\/2020\/10\/espacios-de-escucha-caqueta\u0301.jpg","contentUrl":"https:\/\/territoriolab.org\/wp-content\/uploads\/2020\/10\/espacios-de-escucha-caqueta\u0301.jpg","width":1124,"height":618,"caption":"Espacios de Escucha Comisi\u00f3n de la Verdad Colombia"},{"@type":"BreadcrumbList","@id":"https:\/\/territoriolab.org\/eu\/nola-eragin-du-indarkeriak-caquetako-demokrazian\/#breadcrumb","itemListElement":[{"@type":"ListItem","position":1,"name":"Portada","item":"https:\/\/territoriolab.org\/eu\/"},{"@type":"ListItem","position":2,"name":"NOLA ERAGIN DU INDARKERIAK CAQUET\u00c1KO DEMOKRAZIAN?"}]},{"@type":"WebSite","@id":"https:\/\/territoriolab.org\/eu\/pt-pt\/#website","url":"https:\/\/territoriolab.org\/eu\/pt-pt\/","name":"Territorios para la vida","description":"Investigaci\u00f3n y formaci\u00f3n de alternativas de vida","publisher":{"@id":"https:\/\/territoriolab.org\/eu\/pt-pt\/#organization"},"potentialAction":[{"@type":"SearchAction","target":{"@type":"EntryPoint","urlTemplate":"https:\/\/territoriolab.org\/eu\/pt-pt\/?s={search_term_string}"},"query-input":{"@type":"PropertyValueSpecification","valueRequired":true,"valueName":"search_term_string"}}],"inLanguage":"eu"},{"@type":"Organization","@id":"https:\/\/territoriolab.org\/eu\/pt-pt\/#organization","name":"Territorios en Conflicto","url":"https:\/\/territoriolab.org\/eu\/pt-pt\/","logo":{"@type":"ImageObject","inLanguage":"eu","@id":"https:\/\/territoriolab.org\/eu\/pt-pt\/#\/schema\/logo\/image\/","url":"https:\/\/territoriolab.org\/wp-content\/uploads\/2019\/10\/logo.png","contentUrl":"https:\/\/territoriolab.org\/wp-content\/uploads\/2019\/10\/logo.png","width":300,"height":82,"caption":"Territorios en Conflicto"},"image":{"@id":"https:\/\/territoriolab.org\/eu\/pt-pt\/#\/schema\/logo\/image\/"}},{"@type":"Person","@id":"https:\/\/territoriolab.org\/eu\/pt-pt\/#\/schema\/person\/d1ff7e0bcf580681fa15b76eba76111d","name":"Territorios en Conflicto"}]}},"_links":{"self":[{"href":"https:\/\/territoriolab.org\/eu\/wp-json\/wp\/v2\/posts\/19957","targetHints":{"allow":["GET"]}}],"collection":[{"href":"https:\/\/territoriolab.org\/eu\/wp-json\/wp\/v2\/posts"}],"about":[{"href":"https:\/\/territoriolab.org\/eu\/wp-json\/wp\/v2\/types\/post"}],"author":[{"embeddable":true,"href":"https:\/\/territoriolab.org\/eu\/wp-json\/wp\/v2\/users\/3"}],"replies":[{"embeddable":true,"href":"https:\/\/territoriolab.org\/eu\/wp-json\/wp\/v2\/comments?post=19957"}],"version-history":[{"count":0,"href":"https:\/\/territoriolab.org\/eu\/wp-json\/wp\/v2\/posts\/19957\/revisions"}],"wp:featuredmedia":[{"embeddable":true,"href":"https:\/\/territoriolab.org\/eu\/wp-json\/wp\/v2\/media\/19954"}],"wp:attachment":[{"href":"https:\/\/territoriolab.org\/eu\/wp-json\/wp\/v2\/media?parent=19957"}],"wp:term":[{"taxonomy":"category","embeddable":true,"href":"https:\/\/territoriolab.org\/eu\/wp-json\/wp\/v2\/categories?post=19957"},{"taxonomy":"post_tag","embeddable":true,"href":"https:\/\/territoriolab.org\/eu\/wp-json\/wp\/v2\/tags?post=19957"}],"curies":[{"name":"wp","href":"https:\/\/api.w.org\/{rel}","templated":true}]}}