{"id":24228,"date":"2022-03-02T17:23:40","date_gmt":"2022-03-02T16:23:40","guid":{"rendered":"https:\/\/territoriolab.org\/?p=24228"},"modified":"2022-03-02T17:25:37","modified_gmt":"2022-03-02T16:25:37","slug":"revista-sumando-voces-silenciadas-narrativas-vida-cajamarca","status":"publish","type":"post","link":"https:\/\/territoriolab.org\/eu\/revista-sumando-voces-silenciadas-narrativas-vida-cajamarca\/","title":{"rendered":"PRESENTAMOS LA REVISTA CREADA EN EL PROYECTO \u00abSUMANDO VOCES SILENCIADAS A LAS NARRATIVAS DE VIDA\u00bb EN CAJAMARCA (COLOMBIA)"},"content":{"rendered":"<div class=\"wpb-content-wrapper\"><p>[vc_row][vc_column][vc_column_text]El proyecto <strong>Gereizpetatik 11 izpi \u201cSumando Voces silenciadas a las narrativas de vida\u201d<\/strong> ejecutado en Cajamarca \u2013Tolima- Colombia, entre 2020 y 2022, tiene como objetivo entender el impacto negativo que se genera en los territorios de Cajamarca (Colombia) y Urdaibai (Pa\u00eds Vasco) frente a los conflictos capital-vida.<\/p>\n<p><em>Sumando Voces,<\/em> se enfoc\u00f3 en tres grupos poblacionales especialmente excluidos, vulnerabilizados e invisibilizados de Cajamarca: <strong>mujeres, gente joven, jornaleros y jornalera<\/strong>s. Con ellos y ellas, se realizaron distintas actividades en las cuales se cocrearon materiales de incidencia social y pol\u00edtica; dos murales y una <a href=\"https:\/\/territoriolab.org\/una-colcha-de-retazos-sentires-y-recuerdos\/\" target=\"_blank\" rel=\"noopener\"><em>colcha de retazos<\/em><em> sentires y recuerdos<\/em><\/a>, por mencionar los m\u00e1s destacados. Entre los compromisos con los colectivos estaba el de condensar los resultados de trabajo con ellos y ellas en una pieza comunicativa que pudiera llegar a las instituciones del Estado en especial y al conjunto de la sociedad civil organizada.<\/p>\n<p>Este material fue la revista <strong>Gereizpetatik 11 izpi<\/strong>, que tiene una versi\u00f3n PDF y una versi\u00f3n f\u00edsica. Aunque se han creado distintas piezas comunicativas resultado del proyecto, en una poblaci\u00f3n donde unos pocos tienen acceso a internet, la revista fue la \u00fanica que no s\u00f3lo lograba condensar los resultados, sino que pod\u00eda ser de f\u00e1cil acceso y consulta, seg\u00fan las condiciones de las y los pobladores de Cajamarca.<\/p>\n<p>La revista <strong>Gereizpetatik 11 izpi<\/strong> contiene informaci\u00f3n que puede ayudar a entender el conflicto armado colombiano con la profundidad de esas visiones que s\u00f3lo est\u00e1n en los ojos de quienes lo han padecido, pero tambi\u00e9n los conflictos capital-vida, tan latentes hoy con la presencia de multinacionales extractivistas en Cajamarca que parecen tener m\u00e1s derecho que las y los campesinos del territorio que lo han habitado por generaciones.<\/p>\n<p>La entrega de revistas inici\u00f3 con la jornada comunitaria, en la <strong>Instituci\u00f3n Educativa Anaime<\/strong>, ubicada en el corregimiento del mismo nombre, all\u00ed se socializaron algunos art\u00edculos con las y los estudiantes y se entregaron tres revistas, una para el rector y dos para las y los profesores de sociales que actualmente se encuentran impartiendo la Catedra de Paz en la instituci\u00f3n. La jornada comunitaria continu\u00f3 en la instrucci\u00f3n educativa <strong>La Leona<\/strong>, ubicada en la Vereda Potos\u00ed, donde se siguieron los mismos par\u00e1metros.<\/p>\n<p>El contenido se socializ\u00f3 con las y los participantes durante la \u00faltima jornada comunitaria que se realiz\u00f3 con los colectivos en la <em>Corregiduria de Anaime<\/em> el pasado 5 de febrero. Con ellos y ellas se defini\u00f3 que debido a que el n\u00famero de revistas era limitado lo mejor ser\u00eda priorizar las organizaciones sociales e instituciones oficiales como las bibliotecas y centros educativos para que estuvieran el mayor alcance posible. Se ha venido solicitando de especial manera a quienes las reciben que difundan esta informaci\u00f3n lo m\u00e1s posible, as\u00ed como, se les ha solicitado a las instituciones del Estado un compromiso para enfrentar las problem\u00e1ticas que all\u00ed se exponen.[\/vc_column_text][\/vc_column][\/vc_row][vc_row][vc_column][vc_empty_space][\/vc_column][\/vc_row][vc_row][vc_column width=&#8221;1\/3&#8243;][vc_single_image image=&#8221;24241&#8243; onclick=&#8221;img_link_large&#8221;][vc_empty_space][\/vc_column][vc_column width=&#8221;1\/3&#8243;][vc_single_image image=&#8221;24238&#8243; onclick=&#8221;img_link_large&#8221;][vc_empty_space][\/vc_column][vc_column width=&#8221;1\/3&#8243;][vc_single_image image=&#8221;24232&#8243; onclick=&#8221;img_link_large&#8221;][vc_empty_space][\/vc_column][\/vc_row][vc_row][vc_column width=&#8221;1\/3&#8243;][vc_single_image image=&#8221;24235&#8243; onclick=&#8221;img_link_large&#8221;][\/vc_column][vc_column width=&#8221;1\/3&#8243;][vc_single_image image=&#8221;24229&#8243; onclick=&#8221;img_link_large&#8221;][\/vc_column][vc_column width=&#8221;1\/3&#8243;][vc_single_image image=&#8221;24244&#8243; onclick=&#8221;img_link_large&#8221;][\/vc_column][\/vc_row][vc_row][vc_column][vc_empty_space][\/vc_column][\/vc_row]<\/p>\n<\/div>","protected":false},"excerpt":{"rendered":"<p>Revista Gereizpetatik 11izpi<\/p>\n","protected":false},"author":2,"featured_media":24247,"comment_status":"closed","ping_status":"closed","sticky":false,"template":"","format":"standard","meta":{"_acf_changed":false,"footnotes":""},"categories":[151],"tags":[],"class_list":["post-24228","post","type-post","status-publish","format-standard","has-post-thumbnail","hentry","category-cajamarca"],"acf":[],"yoast_head":"<!-- This site is optimized with the Yoast SEO plugin v27.5 - https:\/\/yoast.com\/product\/yoast-seo-wordpress\/ -->\n<title>Presentamos la revista &quot;Sumando Voces Silenciadas a las narrativas de vida&quot;<\/title>\n<meta name=\"description\" content=\"La revista ayuda a entender el conflicto armado colombiano con la profundidad de esas visiones que s\u00f3lo est\u00e1n en los ojos de quienes lo padecen.\" \/>\n<meta name=\"robots\" content=\"index, follow, max-snippet:-1, max-image-preview:large, max-video-preview:-1\" \/>\n<link rel=\"canonical\" href=\"https:\/\/territoriolab.org\/eu\/revista-sumando-voces-silenciadas-narrativas-vida-cajamarca\/\" \/>\n<meta property=\"og:locale\" content=\"en_US\" \/>\n<meta property=\"og:type\" content=\"article\" \/>\n<meta property=\"og:title\" content=\"Presentamos la revista &quot;Sumando Voces Silenciadas a las narrativas de vida&quot;\" \/>\n<meta property=\"og:description\" content=\"La revista ayuda a entender el conflicto armado colombiano con la profundidad de esas visiones que s\u00f3lo est\u00e1n en los ojos de quienes lo padecen.\" \/>\n<meta property=\"og:url\" content=\"https:\/\/territoriolab.org\/eu\/revista-sumando-voces-silenciadas-narrativas-vida-cajamarca\/\" \/>\n<meta property=\"og:site_name\" content=\"Territorios para la vida\" \/>\n<meta property=\"article:published_time\" content=\"2022-03-02T16:23:40+00:00\" \/>\n<meta property=\"article:modified_time\" content=\"2022-03-02T16:25:37+00:00\" \/>\n<meta property=\"og:image\" content=\"https:\/\/territoriolab.org\/wp-content\/uploads\/2022\/03\/revista-11izpi.jpg\" \/>\n\t<meta property=\"og:image:width\" content=\"1124\" \/>\n\t<meta property=\"og:image:height\" content=\"618\" \/>\n\t<meta property=\"og:image:type\" content=\"image\/jpeg\" \/>\n<meta name=\"author\" content=\"Gernika Gogoratuz\" \/>\n<meta name=\"twitter:card\" content=\"summary_large_image\" \/>\n<meta name=\"twitter:label1\" content=\"Written by\" \/>\n\t<meta name=\"twitter:data1\" content=\"Gernika Gogoratuz\" \/>\n\t<meta name=\"twitter:label2\" content=\"Est. reading time\" \/>\n\t<meta name=\"twitter:data2\" content=\"3 minutua\" \/>\n<script type=\"application\/ld+json\" class=\"yoast-schema-graph\">{\"@context\":\"https:\\\/\\\/schema.org\",\"@graph\":[{\"@type\":\"Article\",\"@id\":\"https:\\\/\\\/territoriolab.org\\\/eu\\\/revista-sumando-voces-silenciadas-narrativas-vida-cajamarca\\\/#article\",\"isPartOf\":{\"@id\":\"https:\\\/\\\/territoriolab.org\\\/eu\\\/revista-sumando-voces-silenciadas-narrativas-vida-cajamarca\\\/\"},\"author\":{\"name\":\"Gernika Gogoratuz\",\"@id\":\"https:\\\/\\\/territoriolab.org\\\/eu\\\/pt-pt\\\/#\\\/schema\\\/person\\\/1afdac17963249ccf0e517bcf0767bbe\"},\"headline\":\"PRESENTAMOS LA REVISTA CREADA EN EL PROYECTO \u00abSUMANDO VOCES SILENCIADAS A LAS NARRATIVAS DE VIDA\u00bb EN CAJAMARCA (COLOMBIA)\",\"datePublished\":\"2022-03-02T16:23:40+00:00\",\"dateModified\":\"2022-03-02T16:25:37+00:00\",\"mainEntityOfPage\":{\"@id\":\"https:\\\/\\\/territoriolab.org\\\/eu\\\/revista-sumando-voces-silenciadas-narrativas-vida-cajamarca\\\/\"},\"wordCount\":636,\"publisher\":{\"@id\":\"https:\\\/\\\/territoriolab.org\\\/eu\\\/pt-pt\\\/#organization\"},\"image\":{\"@id\":\"https:\\\/\\\/territoriolab.org\\\/eu\\\/revista-sumando-voces-silenciadas-narrativas-vida-cajamarca\\\/#primaryimage\"},\"thumbnailUrl\":\"https:\\\/\\\/territoriolab.org\\\/wp-content\\\/uploads\\\/2022\\\/03\\\/revista-11izpi.jpg\",\"articleSection\":[\"Cajamarca\"],\"inLanguage\":\"eu\"},{\"@type\":\"WebPage\",\"@id\":\"https:\\\/\\\/territoriolab.org\\\/eu\\\/revista-sumando-voces-silenciadas-narrativas-vida-cajamarca\\\/\",\"url\":\"https:\\\/\\\/territoriolab.org\\\/eu\\\/revista-sumando-voces-silenciadas-narrativas-vida-cajamarca\\\/\",\"name\":\"Presentamos la revista \\\"Sumando Voces Silenciadas a las narrativas de vida\\\"\",\"isPartOf\":{\"@id\":\"https:\\\/\\\/territoriolab.org\\\/eu\\\/pt-pt\\\/#website\"},\"primaryImageOfPage\":{\"@id\":\"https:\\\/\\\/territoriolab.org\\\/eu\\\/revista-sumando-voces-silenciadas-narrativas-vida-cajamarca\\\/#primaryimage\"},\"image\":{\"@id\":\"https:\\\/\\\/territoriolab.org\\\/eu\\\/revista-sumando-voces-silenciadas-narrativas-vida-cajamarca\\\/#primaryimage\"},\"thumbnailUrl\":\"https:\\\/\\\/territoriolab.org\\\/wp-content\\\/uploads\\\/2022\\\/03\\\/revista-11izpi.jpg\",\"datePublished\":\"2022-03-02T16:23:40+00:00\",\"dateModified\":\"2022-03-02T16:25:37+00:00\",\"description\":\"La revista ayuda a entender el conflicto armado colombiano con la profundidad de esas visiones que s\u00f3lo est\u00e1n en los ojos de quienes lo padecen.\",\"breadcrumb\":{\"@id\":\"https:\\\/\\\/territoriolab.org\\\/eu\\\/revista-sumando-voces-silenciadas-narrativas-vida-cajamarca\\\/#breadcrumb\"},\"inLanguage\":\"eu\",\"potentialAction\":[{\"@type\":\"ReadAction\",\"target\":[\"https:\\\/\\\/territoriolab.org\\\/eu\\\/revista-sumando-voces-silenciadas-narrativas-vida-cajamarca\\\/\"]}]},{\"@type\":\"ImageObject\",\"inLanguage\":\"eu\",\"@id\":\"https:\\\/\\\/territoriolab.org\\\/eu\\\/revista-sumando-voces-silenciadas-narrativas-vida-cajamarca\\\/#primaryimage\",\"url\":\"https:\\\/\\\/territoriolab.org\\\/wp-content\\\/uploads\\\/2022\\\/03\\\/revista-11izpi.jpg\",\"contentUrl\":\"https:\\\/\\\/territoriolab.org\\\/wp-content\\\/uploads\\\/2022\\\/03\\\/revista-11izpi.jpg\",\"width\":1124,\"height\":618,\"caption\":\"Revista Gereizpetatik 11izpi\"},{\"@type\":\"BreadcrumbList\",\"@id\":\"https:\\\/\\\/territoriolab.org\\\/eu\\\/revista-sumando-voces-silenciadas-narrativas-vida-cajamarca\\\/#breadcrumb\",\"itemListElement\":[{\"@type\":\"ListItem\",\"position\":1,\"name\":\"Portada\",\"item\":\"https:\\\/\\\/territoriolab.org\\\/eu\\\/\"},{\"@type\":\"ListItem\",\"position\":2,\"name\":\"PRESENTAMOS LA REVISTA CREADA EN EL PROYECTO \u00abSUMANDO VOCES SILENCIADAS A LAS NARRATIVAS DE VIDA\u00bb EN CAJAMARCA (COLOMBIA)\"}]},{\"@type\":\"WebSite\",\"@id\":\"https:\\\/\\\/territoriolab.org\\\/eu\\\/pt-pt\\\/#website\",\"url\":\"https:\\\/\\\/territoriolab.org\\\/eu\\\/pt-pt\\\/\",\"name\":\"Territorios para la vida\",\"description\":\"Investigaci\u00f3n y formaci\u00f3n de alternativas de vida\",\"publisher\":{\"@id\":\"https:\\\/\\\/territoriolab.org\\\/eu\\\/pt-pt\\\/#organization\"},\"potentialAction\":[{\"@type\":\"SearchAction\",\"target\":{\"@type\":\"EntryPoint\",\"urlTemplate\":\"https:\\\/\\\/territoriolab.org\\\/eu\\\/pt-pt\\\/?s={search_term_string}\"},\"query-input\":{\"@type\":\"PropertyValueSpecification\",\"valueRequired\":true,\"valueName\":\"search_term_string\"}}],\"inLanguage\":\"eu\"},{\"@type\":\"Organization\",\"@id\":\"https:\\\/\\\/territoriolab.org\\\/eu\\\/pt-pt\\\/#organization\",\"name\":\"Territorios en Conflicto\",\"url\":\"https:\\\/\\\/territoriolab.org\\\/eu\\\/pt-pt\\\/\",\"logo\":{\"@type\":\"ImageObject\",\"inLanguage\":\"eu\",\"@id\":\"https:\\\/\\\/territoriolab.org\\\/eu\\\/pt-pt\\\/#\\\/schema\\\/logo\\\/image\\\/\",\"url\":\"https:\\\/\\\/territoriolab.org\\\/wp-content\\\/uploads\\\/2019\\\/10\\\/logo.png\",\"contentUrl\":\"https:\\\/\\\/territoriolab.org\\\/wp-content\\\/uploads\\\/2019\\\/10\\\/logo.png\",\"width\":300,\"height\":82,\"caption\":\"Territorios en Conflicto\"},\"image\":{\"@id\":\"https:\\\/\\\/territoriolab.org\\\/eu\\\/pt-pt\\\/#\\\/schema\\\/logo\\\/image\\\/\"}},{\"@type\":\"Person\",\"@id\":\"https:\\\/\\\/territoriolab.org\\\/eu\\\/pt-pt\\\/#\\\/schema\\\/person\\\/1afdac17963249ccf0e517bcf0767bbe\",\"name\":\"Gernika Gogoratuz\"}]}<\/script>\n<!-- \/ Yoast SEO plugin. -->","yoast_head_json":{"title":"Presentamos la revista \"Sumando Voces Silenciadas a las narrativas de vida\"","description":"La revista ayuda a entender el conflicto armado colombiano con la profundidad de esas visiones que s\u00f3lo est\u00e1n en los ojos de quienes lo padecen.","robots":{"index":"index","follow":"follow","max-snippet":"max-snippet:-1","max-image-preview":"max-image-preview:large","max-video-preview":"max-video-preview:-1"},"canonical":"https:\/\/territoriolab.org\/eu\/revista-sumando-voces-silenciadas-narrativas-vida-cajamarca\/","og_locale":"en_US","og_type":"article","og_title":"Presentamos la revista \"Sumando Voces Silenciadas a las narrativas de vida\"","og_description":"La revista ayuda a entender el conflicto armado colombiano con la profundidad de esas visiones que s\u00f3lo est\u00e1n en los ojos de quienes lo padecen.","og_url":"https:\/\/territoriolab.org\/eu\/revista-sumando-voces-silenciadas-narrativas-vida-cajamarca\/","og_site_name":"Territorios para la vida","article_published_time":"2022-03-02T16:23:40+00:00","article_modified_time":"2022-03-02T16:25:37+00:00","og_image":[{"width":1124,"height":618,"url":"https:\/\/territoriolab.org\/wp-content\/uploads\/2022\/03\/revista-11izpi.jpg","type":"image\/jpeg"}],"author":"Gernika Gogoratuz","twitter_card":"summary_large_image","twitter_misc":{"Written by":"Gernika Gogoratuz","Est. reading time":"3 minutua"},"schema":{"@context":"https:\/\/schema.org","@graph":[{"@type":"Article","@id":"https:\/\/territoriolab.org\/eu\/revista-sumando-voces-silenciadas-narrativas-vida-cajamarca\/#article","isPartOf":{"@id":"https:\/\/territoriolab.org\/eu\/revista-sumando-voces-silenciadas-narrativas-vida-cajamarca\/"},"author":{"name":"Gernika Gogoratuz","@id":"https:\/\/territoriolab.org\/eu\/pt-pt\/#\/schema\/person\/1afdac17963249ccf0e517bcf0767bbe"},"headline":"PRESENTAMOS LA REVISTA CREADA EN EL PROYECTO \u00abSUMANDO VOCES SILENCIADAS A LAS NARRATIVAS DE VIDA\u00bb EN CAJAMARCA (COLOMBIA)","datePublished":"2022-03-02T16:23:40+00:00","dateModified":"2022-03-02T16:25:37+00:00","mainEntityOfPage":{"@id":"https:\/\/territoriolab.org\/eu\/revista-sumando-voces-silenciadas-narrativas-vida-cajamarca\/"},"wordCount":636,"publisher":{"@id":"https:\/\/territoriolab.org\/eu\/pt-pt\/#organization"},"image":{"@id":"https:\/\/territoriolab.org\/eu\/revista-sumando-voces-silenciadas-narrativas-vida-cajamarca\/#primaryimage"},"thumbnailUrl":"https:\/\/territoriolab.org\/wp-content\/uploads\/2022\/03\/revista-11izpi.jpg","articleSection":["Cajamarca"],"inLanguage":"eu"},{"@type":"WebPage","@id":"https:\/\/territoriolab.org\/eu\/revista-sumando-voces-silenciadas-narrativas-vida-cajamarca\/","url":"https:\/\/territoriolab.org\/eu\/revista-sumando-voces-silenciadas-narrativas-vida-cajamarca\/","name":"Presentamos la revista \"Sumando Voces Silenciadas a las narrativas de vida\"","isPartOf":{"@id":"https:\/\/territoriolab.org\/eu\/pt-pt\/#website"},"primaryImageOfPage":{"@id":"https:\/\/territoriolab.org\/eu\/revista-sumando-voces-silenciadas-narrativas-vida-cajamarca\/#primaryimage"},"image":{"@id":"https:\/\/territoriolab.org\/eu\/revista-sumando-voces-silenciadas-narrativas-vida-cajamarca\/#primaryimage"},"thumbnailUrl":"https:\/\/territoriolab.org\/wp-content\/uploads\/2022\/03\/revista-11izpi.jpg","datePublished":"2022-03-02T16:23:40+00:00","dateModified":"2022-03-02T16:25:37+00:00","description":"La revista ayuda a entender el conflicto armado colombiano con la profundidad de esas visiones que s\u00f3lo est\u00e1n en los ojos de quienes lo padecen.","breadcrumb":{"@id":"https:\/\/territoriolab.org\/eu\/revista-sumando-voces-silenciadas-narrativas-vida-cajamarca\/#breadcrumb"},"inLanguage":"eu","potentialAction":[{"@type":"ReadAction","target":["https:\/\/territoriolab.org\/eu\/revista-sumando-voces-silenciadas-narrativas-vida-cajamarca\/"]}]},{"@type":"ImageObject","inLanguage":"eu","@id":"https:\/\/territoriolab.org\/eu\/revista-sumando-voces-silenciadas-narrativas-vida-cajamarca\/#primaryimage","url":"https:\/\/territoriolab.org\/wp-content\/uploads\/2022\/03\/revista-11izpi.jpg","contentUrl":"https:\/\/territoriolab.org\/wp-content\/uploads\/2022\/03\/revista-11izpi.jpg","width":1124,"height":618,"caption":"Revista Gereizpetatik 11izpi"},{"@type":"BreadcrumbList","@id":"https:\/\/territoriolab.org\/eu\/revista-sumando-voces-silenciadas-narrativas-vida-cajamarca\/#breadcrumb","itemListElement":[{"@type":"ListItem","position":1,"name":"Portada","item":"https:\/\/territoriolab.org\/eu\/"},{"@type":"ListItem","position":2,"name":"PRESENTAMOS LA REVISTA CREADA EN EL PROYECTO \u00abSUMANDO VOCES SILENCIADAS A LAS NARRATIVAS DE VIDA\u00bb EN CAJAMARCA (COLOMBIA)"}]},{"@type":"WebSite","@id":"https:\/\/territoriolab.org\/eu\/pt-pt\/#website","url":"https:\/\/territoriolab.org\/eu\/pt-pt\/","name":"Territorios para la vida","description":"Investigaci\u00f3n y formaci\u00f3n de alternativas de vida","publisher":{"@id":"https:\/\/territoriolab.org\/eu\/pt-pt\/#organization"},"potentialAction":[{"@type":"SearchAction","target":{"@type":"EntryPoint","urlTemplate":"https:\/\/territoriolab.org\/eu\/pt-pt\/?s={search_term_string}"},"query-input":{"@type":"PropertyValueSpecification","valueRequired":true,"valueName":"search_term_string"}}],"inLanguage":"eu"},{"@type":"Organization","@id":"https:\/\/territoriolab.org\/eu\/pt-pt\/#organization","name":"Territorios en Conflicto","url":"https:\/\/territoriolab.org\/eu\/pt-pt\/","logo":{"@type":"ImageObject","inLanguage":"eu","@id":"https:\/\/territoriolab.org\/eu\/pt-pt\/#\/schema\/logo\/image\/","url":"https:\/\/territoriolab.org\/wp-content\/uploads\/2019\/10\/logo.png","contentUrl":"https:\/\/territoriolab.org\/wp-content\/uploads\/2019\/10\/logo.png","width":300,"height":82,"caption":"Territorios en Conflicto"},"image":{"@id":"https:\/\/territoriolab.org\/eu\/pt-pt\/#\/schema\/logo\/image\/"}},{"@type":"Person","@id":"https:\/\/territoriolab.org\/eu\/pt-pt\/#\/schema\/person\/1afdac17963249ccf0e517bcf0767bbe","name":"Gernika Gogoratuz"}]}},"_links":{"self":[{"href":"https:\/\/territoriolab.org\/eu\/wp-json\/wp\/v2\/posts\/24228","targetHints":{"allow":["GET"]}}],"collection":[{"href":"https:\/\/territoriolab.org\/eu\/wp-json\/wp\/v2\/posts"}],"about":[{"href":"https:\/\/territoriolab.org\/eu\/wp-json\/wp\/v2\/types\/post"}],"author":[{"embeddable":true,"href":"https:\/\/territoriolab.org\/eu\/wp-json\/wp\/v2\/users\/2"}],"replies":[{"embeddable":true,"href":"https:\/\/territoriolab.org\/eu\/wp-json\/wp\/v2\/comments?post=24228"}],"version-history":[{"count":0,"href":"https:\/\/territoriolab.org\/eu\/wp-json\/wp\/v2\/posts\/24228\/revisions"}],"wp:featuredmedia":[{"embeddable":true,"href":"https:\/\/territoriolab.org\/eu\/wp-json\/wp\/v2\/media\/24247"}],"wp:attachment":[{"href":"https:\/\/territoriolab.org\/eu\/wp-json\/wp\/v2\/media?parent=24228"}],"wp:term":[{"taxonomy":"category","embeddable":true,"href":"https:\/\/territoriolab.org\/eu\/wp-json\/wp\/v2\/categories?post=24228"},{"taxonomy":"post_tag","embeddable":true,"href":"https:\/\/territoriolab.org\/eu\/wp-json\/wp\/v2\/tags?post=24228"}],"curies":[{"name":"wp","href":"https:\/\/api.w.org\/{rel}","templated":true}]}}